{"id":2609,"date":"2025-09-07T11:29:32","date_gmt":"2025-09-07T15:29:32","guid":{"rendered":"https:\/\/www.coartre.cl\/nuevo\/?p=2609"},"modified":"2025-09-21T11:07:53","modified_gmt":"2025-09-21T15:07:53","slug":"coartre-renueva-su-identidad-visual","status":"publish","type":"post","link":"https:\/\/www.coartre.cl\/nuevo\/coartre-renueva-su-identidad-visual\/","title":{"rendered":"CoArtRe renueva su identidad visual"},"content":{"rendered":"\n<ul class=\"wp-block-list\">\n<li><strong>En CoArtRe estamos viviendo un nuevo ciclo, y con \u00e9l presentamos nuestra nueva identidad visual, dise\u00f1ada para proyectar de manera clara y coherente el esp\u00edritu de la corporaci\u00f3n.<\/strong><\/li>\n<\/ul>\n\n\n\n<p>El redise\u00f1o incluye un logotipo actualizado, una paleta de colores frescos y vers\u00e1tiles, adem\u00e1s de tipograf\u00edas que refuerzan la cercan\u00eda y el dinamismo de nuestro trabajo. Tambi\u00e9n se incorporan elementos gr\u00e1ficos y plantillas que ordenan la comunicaci\u00f3n de nuestras principales \u00e1reas: Obras, Talleres, Noticias y Actividades.<\/p>\n\n\n\n<p>Este cambio busca fortalecer nuestra presencia en todos los espacios digitales y presenciales, para transmitir con m\u00e1s fuerza nuestro compromiso con el arte, la memoria y la transformaci\u00f3n social.<\/p>\n\n\n\n<p>CoArtRe forma parte del Programa de Organizaciones Culturales Colaboradoras del Ministerio de las Culturas.<\/p>\n","protected":false},"excerpt":{"rendered":"<p>El redise\u00f1o incluye un logotipo actualizado, una paleta de colores frescos y vers\u00e1tiles, adem\u00e1s de tipograf\u00edas que refuerzan la cercan\u00eda y el dinamismo de nuestro trabajo. Tambi\u00e9n se incorporan elementos gr\u00e1ficos y plantillas que ordenan la comunicaci\u00f3n de nuestras principales \u00e1reas: Obras, Talleres, Noticias y Actividades. Este cambio busca fortalecer nuestra presencia en todos los [&hellip;]<\/p>\n","protected":false},"author":2,"featured_media":2610,"comment_status":"closed","ping_status":"closed","sticky":false,"template":"","format":"standard","meta":{"bgseo_title":"","bgseo_description":"","bgseo_robots_index":"index","bgseo_robots_follow":"follow","_monsterinsights_skip_tracking":false,"_monsterinsights_sitenote_active":false,"_monsterinsights_sitenote_note":"","_monsterinsights_sitenote_category":0,"_uf_show_specific_survey":0,"_uf_disable_surveys":false,"footnotes":""},"categories":[4],"tags":[],"class_list":["post-2609","post","type-post","status-publish","format-standard","has-post-thumbnail","hentry","category-noticias"],"aioseo_notices":[],"_links":{"self":[{"href":"https:\/\/www.coartre.cl\/nuevo\/wp-json\/wp\/v2\/posts\/2609","targetHints":{"allow":["GET"]}}],"collection":[{"href":"https:\/\/www.coartre.cl\/nuevo\/wp-json\/wp\/v2\/posts"}],"about":[{"href":"https:\/\/www.coartre.cl\/nuevo\/wp-json\/wp\/v2\/types\/post"}],"author":[{"embeddable":true,"href":"https:\/\/www.coartre.cl\/nuevo\/wp-json\/wp\/v2\/users\/2"}],"replies":[{"embeddable":true,"href":"https:\/\/www.coartre.cl\/nuevo\/wp-json\/wp\/v2\/comments?post=2609"}],"version-history":[{"count":1,"href":"https:\/\/www.coartre.cl\/nuevo\/wp-json\/wp\/v2\/posts\/2609\/revisions"}],"predecessor-version":[{"id":2611,"href":"https:\/\/www.coartre.cl\/nuevo\/wp-json\/wp\/v2\/posts\/2609\/revisions\/2611"}],"wp:featuredmedia":[{"embeddable":true,"href":"https:\/\/www.coartre.cl\/nuevo\/wp-json\/wp\/v2\/media\/2610"}],"wp:attachment":[{"href":"https:\/\/www.coartre.cl\/nuevo\/wp-json\/wp\/v2\/media?parent=2609"}],"wp:term":[{"taxonomy":"category","embeddable":true,"href":"https:\/\/www.coartre.cl\/nuevo\/wp-json\/wp\/v2\/categories?post=2609"},{"taxonomy":"post_tag","embeddable":true,"href":"https:\/\/www.coartre.cl\/nuevo\/wp-json\/wp\/v2\/tags?post=2609"}],"curies":[{"name":"wp","href":"https:\/\/api.w.org\/{rel}","templated":true}]}}